{"id":1784,"date":"2016-04-30T21:19:34","date_gmt":"2016-04-30T21:19:34","guid":{"rendered":"http:\/\/www.hazarapeople.com\/it\/?p=1784"},"modified":"2016-05-01T11:38:18","modified_gmt":"2016-05-01T11:38:18","slug":"chi-ha-paura-dellistruzione","status":"publish","type":"post","link":"https:\/\/www.hazarainternational.com\/it\/chi-ha-paura-dellistruzione\/","title":{"rendered":"Chi ha paura dell&#8217;istruzione?"},"content":{"rendered":"<p><span style=\"color: #ff0000;\"><strong>Di Nicole Valentini<\/strong><\/span><\/p>\n<p><span style=\"color: #0000ff;\"><strong>L\u2019ambivalenza dell\u2019educazione a Daykundi tra minaccia percepita e opportunit\u00e0 di riscatto<\/strong><\/span><\/p>\n<p><a href=\"http:\/\/www.hazarapeople.com\/it\/wp-content\/uploads\/2016\/04\/1024681.jpg\" rel=\"attachment wp-att-1785\"><img loading=\"lazy\" decoding=\"async\" class=\"aligncenter size-full wp-image-1785\" src=\"http:\/\/www.hazarapeople.com\/it\/wp-content\/uploads\/2016\/04\/1024681.jpg\" alt=\"1024681\" width=\"490\" height=\"420\" \/><\/a>Daykundi \u00e8 una delle province pi\u00f9 povere dell\u2019Afghanistan. La povert\u00e0 di questa regione \u00e8 dovuta soprattutto ad una precisa volont\u00e0 politica dei vari governi che si sono succeduti in Afghanistan, nonostante i miliardi di dollari ricevuti in questi anni dalla comunit\u00e0 internazionale. Questi soldi sono stati in parte destinati alle regioni a maggioranza pashtun e in parte finiti nelle tasche di politici corrotti.<br \/>\nDaykundi fu riconosciuta come provincia a livello amministrativo solo nel 2004. Alla sua nascita si potevano contare 15 scuole sul territorio, oggi invece sono pi\u00f9 di 400, suddivise in elementari, medie e superiori.<\/p>\n<figure id=\"attachment_1788\" aria-describedby=\"caption-attachment-1788\" style=\"width: 478px\" class=\"wp-caption alignleft\"><a href=\"http:\/\/www.hazarapeople.com\/it\/wp-content\/uploads\/2016\/04\/12235124.jpg\" rel=\"attachment wp-att-1788\"><img loading=\"lazy\" decoding=\"async\" class=\"size-full wp-image-1788\" src=\"http:\/\/www.hazarapeople.com\/it\/wp-content\/uploads\/2016\/04\/12235124.jpg\" alt=\"Azra Jafari ex sindaco di Daykundi\" width=\"478\" height=\"478\" srcset=\"https:\/\/www.hazarainternational.com\/it\/wp-content\/uploads\/2016\/04\/12235124.jpg 478w, https:\/\/www.hazarainternational.com\/it\/wp-content\/uploads\/2016\/04\/12235124-150x150.jpg 150w, https:\/\/www.hazarainternational.com\/it\/wp-content\/uploads\/2016\/04\/12235124-300x300.jpg 300w, https:\/\/www.hazarainternational.com\/it\/wp-content\/uploads\/2016\/04\/12235124-50x50.jpg 50w, https:\/\/www.hazarainternational.com\/it\/wp-content\/uploads\/2016\/04\/12235124-342x342.jpg 342w, https:\/\/www.hazarainternational.com\/it\/wp-content\/uploads\/2016\/04\/12235124-70x70.jpg 70w, https:\/\/www.hazarainternational.com\/it\/wp-content\/uploads\/2016\/04\/12235124-55x55.jpg 55w\" sizes=\"auto, (max-width: 478px) 100vw, 478px\" \/><\/a><figcaption id=\"caption-attachment-1788\" class=\"wp-caption-text\"><span style=\"text-decoration: underline;\"><span style=\"color: #ff0000; text-decoration: underline;\">Azra Jafari ex sindaco di Daykundi<\/span><\/span><\/figcaption><\/figure>\n<p>Nonostante la povert\u00e0, la popolazione di Daykundi riconosce il grande valore dell\u2019educazione sia femminile che maschile (basti pensare che in questa provincia le bambine e le ragazze rappresentano ben il 44% degli studenti).<\/p>\n<p>Alla luce di questi fatti non sorprendere che il primo sindaco donna di tutto l\u2019Afghanistan, Azra Jafari, sia stato eletto proprio a Nili, capoluogo della provincia di Daykundi. Ogni anno sempre pi\u00f9 studenti e studentesse provenienti da Daykundi, partecipano al concorso per accedere all\u2019universit\u00e0 (6000 solo quest\u2019anno).<\/p>\n<p>Questi dati hanno iniziato a creare tra molti governanti e politici del paese, il timore che una popolazione hazara istruita possa minacciare il tradizionale assetto di potere da secoli nelle mani delle \u00e9lite pashtun.<\/p>\n<p>Una popolazione istruita e cosciente dei propri diritti, \u00e8 infatti difficile da sottomettere, e ha inoltre la possibilit\u00e0 di andare con il tempo a sostuire l\u2019attuale elit\u00e9 dominante, la quale \u00e8 composta in larga parte da uomini corrotti, trafficanti di droga, assassini, e collaboratori dei Talebani.<\/p>\n<p><a href=\"http:\/\/www.hazarapeople.com\/it\/wp-content\/uploads\/2016\/04\/1969234-1.jpg\" rel=\"attachment wp-att-1787\"><img loading=\"lazy\" decoding=\"async\" class=\"aligncenter size-full wp-image-1787\" src=\"http:\/\/www.hazarapeople.com\/it\/wp-content\/uploads\/2016\/04\/1969234-1.jpg\" alt=\"1969234\" width=\"480\" height=\"360\" srcset=\"https:\/\/www.hazarainternational.com\/it\/wp-content\/uploads\/2016\/04\/1969234-1.jpg 480w, https:\/\/www.hazarainternational.com\/it\/wp-content\/uploads\/2016\/04\/1969234-1-300x225.jpg 300w, https:\/\/www.hazarainternational.com\/it\/wp-content\/uploads\/2016\/04\/1969234-1-342x257.jpg 342w, https:\/\/www.hazarainternational.com\/it\/wp-content\/uploads\/2016\/04\/1969234-1-60x45.jpg 60w, https:\/\/www.hazarainternational.com\/it\/wp-content\/uploads\/2016\/04\/1969234-1-150x113.jpg 150w, https:\/\/www.hazarainternational.com\/it\/wp-content\/uploads\/2016\/04\/1969234-1-269x201.jpg 269w\" sizes=\"auto, (max-width: 480px) 100vw, 480px\" \/><\/a>Gli studenti che quest\u2019anno sono entrati all\u2019universit\u00e0 potranno un domani dar vita a una societ\u00e0 pi\u00f9 giusta, equa e democratica anche nei confronti delle donne. Per questo motivo pochi giorni fa, in occasione della cerimonia per l\u2019anniversario della caduta del regime comunista, tenutasi presso il palazzo presidenziale di Kabul, un famoso e potente capo tribale pashtun di Kandahar ha tenuto un infervorato discorso contro ci\u00f2 che egli ritiene una grande ingiustizia.<\/p>\n<p><span style=\"color: #0000ff;\"><a style=\"color: #0000ff;\" href=\"http:\/\/www.hazarapeople.com\/it\/wp-content\/uploads\/2016\/04\/13076557.jpg\" rel=\"attachment wp-att-1790\"><img loading=\"lazy\" decoding=\"async\" class=\"aligncenter size-full wp-image-1790\" src=\"http:\/\/www.hazarapeople.com\/it\/wp-content\/uploads\/2016\/04\/13076557.jpg\" alt=\"13076557\" width=\"483\" height=\"272\" srcset=\"https:\/\/www.hazarainternational.com\/it\/wp-content\/uploads\/2016\/04\/13076557.jpg 483w, https:\/\/www.hazarainternational.com\/it\/wp-content\/uploads\/2016\/04\/13076557-300x169.jpg 300w, https:\/\/www.hazarainternational.com\/it\/wp-content\/uploads\/2016\/04\/13076557-342x193.jpg 342w\" sizes=\"auto, (max-width: 483px) 100vw, 483px\" \/><\/a><span style=\"text-decoration: underline;\">Farooq Aazam ha infatti sostenuto che \u201cnon \u00e8 accettabile e non si pu\u00f2 tollerare che da una regione secondaria come Daykundi oltre 6000 studenti abbiano partecipato al concorso, mentre dalla grande Kandahar solo 2100 studenti vi abbiano presto parte\u201d.<\/span><\/span> Poco prima lo stesso Aazam aveva lamentato il trattamento dei prigionieri Talebani (che egli definisce \u201cnostri prigionieri), non \u00e8 difficile perci\u00f2 comprendere il suo nervosismo nei confronti di un tale successo da parte di un popolo, considerato dai Talebani, infedele e indegno di vivere.<\/p>\n<figure id=\"attachment_1791\" aria-describedby=\"caption-attachment-1791\" style=\"width: 480px\" class=\"wp-caption aligncenter\"><a href=\"http:\/\/www.hazarapeople.com\/it\/wp-content\/uploads\/2016\/04\/13087794.jpg\" rel=\"attachment wp-att-1791\"><img loading=\"lazy\" decoding=\"async\" class=\"size-full wp-image-1791\" src=\"http:\/\/www.hazarapeople.com\/it\/wp-content\/uploads\/2016\/04\/13087794.jpg\" alt=\"Farooq Aazam\" width=\"480\" height=\"304\" srcset=\"https:\/\/www.hazarainternational.com\/it\/wp-content\/uploads\/2016\/04\/13087794.jpg 480w, https:\/\/www.hazarainternational.com\/it\/wp-content\/uploads\/2016\/04\/13087794-300x190.jpg 300w, https:\/\/www.hazarainternational.com\/it\/wp-content\/uploads\/2016\/04\/13087794-342x217.jpg 342w\" sizes=\"auto, (max-width: 480px) 100vw, 480px\" \/><\/a><figcaption id=\"caption-attachment-1791\" class=\"wp-caption-text\"><span style=\"text-decoration: underline;\"><strong><span style=\"color: #ff0000; text-decoration: underline;\">Farooq Aazam<\/span><\/strong><\/span><\/figcaption><\/figure>\n<p>Aazam per\u00f2 non comprende che per cogliere appieno il fallimento educativo di Kandahar, dovrebbe fare innanzitutto una cosa: guardarsi allo specchio. \u00c8 proprio infatti, chi come lui, promuove l\u2019oscurantismo, la discriminazione etnica e di genere, il fanatismo e l\u2019invidia ad essere la causa del suo stesso male e della rovina della sua stessa societ\u00e0.<\/p>\n<p><span style=\"color: #ff0000;\"><strong>Nota importante:<\/strong><\/span><span style=\"text-decoration: underline;\"><span style=\"color: #0000ff; text-decoration: underline;\">\u00a0Secondo l\u2019Osservatore generale speciale degli Stati Uniti per la ricostruzione in Afghanistan (SIGAR), a partire dal 31 marzo 2015, l\u2019Agenzia degli Stati Uniti per lo Sviluppo Internazionale (USAID) ha speso 769 milioni di dollari per sostenere l&#8217;istruzione in Afghanistan. Un rapporto del SIGAR ha accusato alcuni funzionari operanti presso il Ministero della Pubblica Istruzione, di aver sottratto milioni di dollari, fornendo false statistiche scolastiche ai donatori. <\/span><\/span><\/p>\n<p><span style=\"text-decoration: underline;\"><span style=\"color: #0000ff; text-decoration: underline;\">Secondo questo rapporto gli Stati Uniti potrebbero quindi aver speso milioni di dollari per scuole che non sono mai esistite. Tutto ci\u00f2 \u00e8 accaduto quando Farooq Wardak era ministro della Pubblica Istruzione. Wardak \u00e8 famoso anche per la sua opposizione all\u2019educazione femminile.<\/span><\/span><\/p>\n","protected":false},"excerpt":{"rendered":"<p>Di Nicole Valentini L\u2019ambivalenza dell\u2019educazione a Daykundi tra minaccia percepita e opportunit\u00e0 di riscatto Daykundi \u00e8 una delle province pi\u00f9 povere dell\u2019Afghanistan. La povert\u00e0 di questa regione \u00e8 dovuta soprattutto ad una precisa volont\u00e0 politica dei vari governi che si sono succeduti in Afghanistan, nonostante i miliardi di dollari ricevuti in questi anni dalla comunit\u00e0 &hellip;<\/p>\n","protected":false},"author":2,"featured_media":1792,"comment_status":"open","ping_status":"closed","sticky":false,"template":"","format":"standard","meta":{"footnotes":""},"categories":[1,22],"tags":[],"class_list":["post-1784","post","type-post","status-publish","format-standard","has-post-thumbnail","hentry","category-hazara-news","category-popolazione-hazara"],"yoast_head":"<!-- This site is optimized with the Yoast SEO plugin v27.4 - https:\/\/yoast.com\/product\/yoast-seo-wordpress\/ -->\n<title>Chi ha paura dell&#039;istruzione? - Rete Internazionale Hazara<\/title>\n<meta name=\"robots\" content=\"noindex, follow, max-snippet:-1, max-image-preview:large, max-video-preview:-1\" \/>\n<meta property=\"og:locale\" content=\"en_US\" \/>\n<meta property=\"og:type\" content=\"article\" \/>\n<meta property=\"og:title\" content=\"Chi ha paura dell&#039;istruzione? - Rete Internazionale Hazara\" \/>\n<meta property=\"og:description\" content=\"Di Nicole Valentini L\u2019ambivalenza dell\u2019educazione a Daykundi tra minaccia percepita e opportunit\u00e0 di riscatto Daykundi \u00e8 una delle province pi\u00f9 povere dell\u2019Afghanistan. La povert\u00e0 di questa regione \u00e8 dovuta soprattutto ad una precisa volont\u00e0 politica dei vari governi che si sono succeduti in Afghanistan, nonostante i miliardi di dollari ricevuti in questi anni dalla comunit\u00e0 &hellip;\" \/>\n<meta property=\"og:url\" content=\"https:\/\/www.hazarainternational.com\/it\/chi-ha-paura-dellistruzione\/\" \/>\n<meta property=\"og:site_name\" content=\"Rete Internazionale Hazara\" \/>\n<meta property=\"article:published_time\" content=\"2016-04-30T21:19:34+00:00\" \/>\n<meta property=\"article:modified_time\" content=\"2016-05-01T11:38:18+00:00\" \/>\n<meta property=\"og:image\" content=\"https:\/\/www.hazarainternational.com\/it\/wp-content\/uploads\/2016\/04\/13118944.jpg\" \/>\n\t<meta property=\"og:image:width\" content=\"483\" \/>\n\t<meta property=\"og:image:height\" content=\"272\" \/>\n\t<meta property=\"og:image:type\" content=\"image\/jpeg\" \/>\n<meta name=\"author\" content=\"Amministratore\" \/>\n<meta name=\"twitter:card\" content=\"summary_large_image\" \/>\n<meta name=\"twitter:label1\" content=\"Written by\" \/>\n\t<meta name=\"twitter:data1\" content=\"Amministratore\" \/>\n\t<meta name=\"twitter:label2\" content=\"Est. reading time\" \/>\n\t<meta name=\"twitter:data2\" content=\"3 minutes\" \/>\n<script type=\"application\/ld+json\" class=\"yoast-schema-graph\">{\"@context\":\"https:\\\/\\\/schema.org\",\"@graph\":[{\"@type\":\"Article\",\"@id\":\"https:\\\/\\\/www.hazarainternational.com\\\/it\\\/chi-ha-paura-dellistruzione\\\/#article\",\"isPartOf\":{\"@id\":\"https:\\\/\\\/www.hazarainternational.com\\\/it\\\/chi-ha-paura-dellistruzione\\\/\"},\"author\":{\"name\":\"Amministratore\",\"@id\":\"https:\\\/\\\/www.hazarainternational.com\\\/it\\\/#\\\/schema\\\/person\\\/9944aab83805cd99b9f3342cbe22c534\"},\"headline\":\"Chi ha paura dell&#8217;istruzione?\",\"datePublished\":\"2016-04-30T21:19:34+00:00\",\"dateModified\":\"2016-05-01T11:38:18+00:00\",\"mainEntityOfPage\":{\"@id\":\"https:\\\/\\\/www.hazarainternational.com\\\/it\\\/chi-ha-paura-dellistruzione\\\/\"},\"wordCount\":613,\"commentCount\":0,\"image\":{\"@id\":\"https:\\\/\\\/www.hazarainternational.com\\\/it\\\/chi-ha-paura-dellistruzione\\\/#primaryimage\"},\"thumbnailUrl\":\"https:\\\/\\\/www.hazarainternational.com\\\/it\\\/wp-content\\\/uploads\\\/2016\\\/04\\\/13118944.jpg\",\"articleSection\":[\"News\",\"Popolazione Hazara\"],\"inLanguage\":\"en-US\",\"potentialAction\":[{\"@type\":\"CommentAction\",\"name\":\"Comment\",\"target\":[\"https:\\\/\\\/www.hazarainternational.com\\\/it\\\/chi-ha-paura-dellistruzione\\\/#respond\"]}]},{\"@type\":\"WebPage\",\"@id\":\"https:\\\/\\\/www.hazarainternational.com\\\/it\\\/chi-ha-paura-dellistruzione\\\/\",\"url\":\"https:\\\/\\\/www.hazarainternational.com\\\/it\\\/chi-ha-paura-dellistruzione\\\/\",\"name\":\"Chi ha paura dell'istruzione? - Rete Internazionale Hazara\",\"isPartOf\":{\"@id\":\"https:\\\/\\\/www.hazarainternational.com\\\/it\\\/#website\"},\"primaryImageOfPage\":{\"@id\":\"https:\\\/\\\/www.hazarainternational.com\\\/it\\\/chi-ha-paura-dellistruzione\\\/#primaryimage\"},\"image\":{\"@id\":\"https:\\\/\\\/www.hazarainternational.com\\\/it\\\/chi-ha-paura-dellistruzione\\\/#primaryimage\"},\"thumbnailUrl\":\"https:\\\/\\\/www.hazarainternational.com\\\/it\\\/wp-content\\\/uploads\\\/2016\\\/04\\\/13118944.jpg\",\"datePublished\":\"2016-04-30T21:19:34+00:00\",\"dateModified\":\"2016-05-01T11:38:18+00:00\",\"author\":{\"@id\":\"https:\\\/\\\/www.hazarainternational.com\\\/it\\\/#\\\/schema\\\/person\\\/9944aab83805cd99b9f3342cbe22c534\"},\"breadcrumb\":{\"@id\":\"https:\\\/\\\/www.hazarainternational.com\\\/it\\\/chi-ha-paura-dellistruzione\\\/#breadcrumb\"},\"inLanguage\":\"en-US\",\"potentialAction\":[{\"@type\":\"ReadAction\",\"target\":[\"https:\\\/\\\/www.hazarainternational.com\\\/it\\\/chi-ha-paura-dellistruzione\\\/\"]}]},{\"@type\":\"ImageObject\",\"inLanguage\":\"en-US\",\"@id\":\"https:\\\/\\\/www.hazarainternational.com\\\/it\\\/chi-ha-paura-dellistruzione\\\/#primaryimage\",\"url\":\"https:\\\/\\\/www.hazarainternational.com\\\/it\\\/wp-content\\\/uploads\\\/2016\\\/04\\\/13118944.jpg\",\"contentUrl\":\"https:\\\/\\\/www.hazarainternational.com\\\/it\\\/wp-content\\\/uploads\\\/2016\\\/04\\\/13118944.jpg\",\"width\":483,\"height\":272},{\"@type\":\"BreadcrumbList\",\"@id\":\"https:\\\/\\\/www.hazarainternational.com\\\/it\\\/chi-ha-paura-dellistruzione\\\/#breadcrumb\",\"itemListElement\":[{\"@type\":\"ListItem\",\"position\":1,\"name\":\"Home\",\"item\":\"https:\\\/\\\/www.hazarainternational.com\\\/it\\\/\"},{\"@type\":\"ListItem\",\"position\":2,\"name\":\"Chi ha paura dell&#8217;istruzione?\"}]},{\"@type\":\"WebSite\",\"@id\":\"https:\\\/\\\/www.hazarainternational.com\\\/it\\\/#website\",\"url\":\"https:\\\/\\\/www.hazarainternational.com\\\/it\\\/\",\"name\":\"Rete Internazionale Hazara\",\"description\":\"\",\"potentialAction\":[{\"@type\":\"SearchAction\",\"target\":{\"@type\":\"EntryPoint\",\"urlTemplate\":\"https:\\\/\\\/www.hazarainternational.com\\\/it\\\/?s={search_term_string}\"},\"query-input\":{\"@type\":\"PropertyValueSpecification\",\"valueRequired\":true,\"valueName\":\"search_term_string\"}}],\"inLanguage\":\"en-US\"},{\"@type\":\"Person\",\"@id\":\"https:\\\/\\\/www.hazarainternational.com\\\/it\\\/#\\\/schema\\\/person\\\/9944aab83805cd99b9f3342cbe22c534\",\"name\":\"Amministratore\",\"image\":{\"@type\":\"ImageObject\",\"inLanguage\":\"en-US\",\"@id\":\"https:\\\/\\\/secure.gravatar.com\\\/avatar\\\/8f6c77374a53d1ddcde50c8d2225fe684cc1572fd6e6dc4da2f48517a340412a?s=96&d=mm&r=g\",\"url\":\"https:\\\/\\\/secure.gravatar.com\\\/avatar\\\/8f6c77374a53d1ddcde50c8d2225fe684cc1572fd6e6dc4da2f48517a340412a?s=96&d=mm&r=g\",\"contentUrl\":\"https:\\\/\\\/secure.gravatar.com\\\/avatar\\\/8f6c77374a53d1ddcde50c8d2225fe684cc1572fd6e6dc4da2f48517a340412a?s=96&d=mm&r=g\",\"caption\":\"Amministratore\"},\"url\":\"https:\\\/\\\/www.hazarainternational.com\\\/it\\\/author\\\/hazara\\\/\"}]}<\/script>\n<!-- \/ Yoast SEO plugin. -->","yoast_head_json":{"title":"Chi ha paura dell'istruzione? - Rete Internazionale Hazara","robots":{"index":"noindex","follow":"follow","max-snippet":"max-snippet:-1","max-image-preview":"max-image-preview:large","max-video-preview":"max-video-preview:-1"},"og_locale":"en_US","og_type":"article","og_title":"Chi ha paura dell'istruzione? - Rete Internazionale Hazara","og_description":"Di Nicole Valentini L\u2019ambivalenza dell\u2019educazione a Daykundi tra minaccia percepita e opportunit\u00e0 di riscatto Daykundi \u00e8 una delle province pi\u00f9 povere dell\u2019Afghanistan. La povert\u00e0 di questa regione \u00e8 dovuta soprattutto ad una precisa volont\u00e0 politica dei vari governi che si sono succeduti in Afghanistan, nonostante i miliardi di dollari ricevuti in questi anni dalla comunit\u00e0 &hellip;","og_url":"https:\/\/www.hazarainternational.com\/it\/chi-ha-paura-dellistruzione\/","og_site_name":"Rete Internazionale Hazara","article_published_time":"2016-04-30T21:19:34+00:00","article_modified_time":"2016-05-01T11:38:18+00:00","og_image":[{"width":483,"height":272,"url":"https:\/\/www.hazarainternational.com\/it\/wp-content\/uploads\/2016\/04\/13118944.jpg","type":"image\/jpeg"}],"author":"Amministratore","twitter_card":"summary_large_image","twitter_misc":{"Written by":"Amministratore","Est. reading time":"3 minutes"},"schema":{"@context":"https:\/\/schema.org","@graph":[{"@type":"Article","@id":"https:\/\/www.hazarainternational.com\/it\/chi-ha-paura-dellistruzione\/#article","isPartOf":{"@id":"https:\/\/www.hazarainternational.com\/it\/chi-ha-paura-dellistruzione\/"},"author":{"name":"Amministratore","@id":"https:\/\/www.hazarainternational.com\/it\/#\/schema\/person\/9944aab83805cd99b9f3342cbe22c534"},"headline":"Chi ha paura dell&#8217;istruzione?","datePublished":"2016-04-30T21:19:34+00:00","dateModified":"2016-05-01T11:38:18+00:00","mainEntityOfPage":{"@id":"https:\/\/www.hazarainternational.com\/it\/chi-ha-paura-dellistruzione\/"},"wordCount":613,"commentCount":0,"image":{"@id":"https:\/\/www.hazarainternational.com\/it\/chi-ha-paura-dellistruzione\/#primaryimage"},"thumbnailUrl":"https:\/\/www.hazarainternational.com\/it\/wp-content\/uploads\/2016\/04\/13118944.jpg","articleSection":["News","Popolazione Hazara"],"inLanguage":"en-US","potentialAction":[{"@type":"CommentAction","name":"Comment","target":["https:\/\/www.hazarainternational.com\/it\/chi-ha-paura-dellistruzione\/#respond"]}]},{"@type":"WebPage","@id":"https:\/\/www.hazarainternational.com\/it\/chi-ha-paura-dellistruzione\/","url":"https:\/\/www.hazarainternational.com\/it\/chi-ha-paura-dellistruzione\/","name":"Chi ha paura dell'istruzione? - Rete Internazionale Hazara","isPartOf":{"@id":"https:\/\/www.hazarainternational.com\/it\/#website"},"primaryImageOfPage":{"@id":"https:\/\/www.hazarainternational.com\/it\/chi-ha-paura-dellistruzione\/#primaryimage"},"image":{"@id":"https:\/\/www.hazarainternational.com\/it\/chi-ha-paura-dellistruzione\/#primaryimage"},"thumbnailUrl":"https:\/\/www.hazarainternational.com\/it\/wp-content\/uploads\/2016\/04\/13118944.jpg","datePublished":"2016-04-30T21:19:34+00:00","dateModified":"2016-05-01T11:38:18+00:00","author":{"@id":"https:\/\/www.hazarainternational.com\/it\/#\/schema\/person\/9944aab83805cd99b9f3342cbe22c534"},"breadcrumb":{"@id":"https:\/\/www.hazarainternational.com\/it\/chi-ha-paura-dellistruzione\/#breadcrumb"},"inLanguage":"en-US","potentialAction":[{"@type":"ReadAction","target":["https:\/\/www.hazarainternational.com\/it\/chi-ha-paura-dellistruzione\/"]}]},{"@type":"ImageObject","inLanguage":"en-US","@id":"https:\/\/www.hazarainternational.com\/it\/chi-ha-paura-dellistruzione\/#primaryimage","url":"https:\/\/www.hazarainternational.com\/it\/wp-content\/uploads\/2016\/04\/13118944.jpg","contentUrl":"https:\/\/www.hazarainternational.com\/it\/wp-content\/uploads\/2016\/04\/13118944.jpg","width":483,"height":272},{"@type":"BreadcrumbList","@id":"https:\/\/www.hazarainternational.com\/it\/chi-ha-paura-dellistruzione\/#breadcrumb","itemListElement":[{"@type":"ListItem","position":1,"name":"Home","item":"https:\/\/www.hazarainternational.com\/it\/"},{"@type":"ListItem","position":2,"name":"Chi ha paura dell&#8217;istruzione?"}]},{"@type":"WebSite","@id":"https:\/\/www.hazarainternational.com\/it\/#website","url":"https:\/\/www.hazarainternational.com\/it\/","name":"Rete Internazionale Hazara","description":"","potentialAction":[{"@type":"SearchAction","target":{"@type":"EntryPoint","urlTemplate":"https:\/\/www.hazarainternational.com\/it\/?s={search_term_string}"},"query-input":{"@type":"PropertyValueSpecification","valueRequired":true,"valueName":"search_term_string"}}],"inLanguage":"en-US"},{"@type":"Person","@id":"https:\/\/www.hazarainternational.com\/it\/#\/schema\/person\/9944aab83805cd99b9f3342cbe22c534","name":"Amministratore","image":{"@type":"ImageObject","inLanguage":"en-US","@id":"https:\/\/secure.gravatar.com\/avatar\/8f6c77374a53d1ddcde50c8d2225fe684cc1572fd6e6dc4da2f48517a340412a?s=96&d=mm&r=g","url":"https:\/\/secure.gravatar.com\/avatar\/8f6c77374a53d1ddcde50c8d2225fe684cc1572fd6e6dc4da2f48517a340412a?s=96&d=mm&r=g","contentUrl":"https:\/\/secure.gravatar.com\/avatar\/8f6c77374a53d1ddcde50c8d2225fe684cc1572fd6e6dc4da2f48517a340412a?s=96&d=mm&r=g","caption":"Amministratore"},"url":"https:\/\/www.hazarainternational.com\/it\/author\/hazara\/"}]}},"acf":[],"_links":{"self":[{"href":"https:\/\/www.hazarainternational.com\/it\/wp-json\/wp\/v2\/posts\/1784","targetHints":{"allow":["GET"]}}],"collection":[{"href":"https:\/\/www.hazarainternational.com\/it\/wp-json\/wp\/v2\/posts"}],"about":[{"href":"https:\/\/www.hazarainternational.com\/it\/wp-json\/wp\/v2\/types\/post"}],"author":[{"embeddable":true,"href":"https:\/\/www.hazarainternational.com\/it\/wp-json\/wp\/v2\/users\/2"}],"replies":[{"embeddable":true,"href":"https:\/\/www.hazarainternational.com\/it\/wp-json\/wp\/v2\/comments?post=1784"}],"version-history":[{"count":3,"href":"https:\/\/www.hazarainternational.com\/it\/wp-json\/wp\/v2\/posts\/1784\/revisions"}],"predecessor-version":[{"id":1795,"href":"https:\/\/www.hazarainternational.com\/it\/wp-json\/wp\/v2\/posts\/1784\/revisions\/1795"}],"wp:featuredmedia":[{"embeddable":true,"href":"https:\/\/www.hazarainternational.com\/it\/wp-json\/wp\/v2\/media\/1792"}],"wp:attachment":[{"href":"https:\/\/www.hazarainternational.com\/it\/wp-json\/wp\/v2\/media?parent=1784"}],"wp:term":[{"taxonomy":"category","embeddable":true,"href":"https:\/\/www.hazarainternational.com\/it\/wp-json\/wp\/v2\/categories?post=1784"},{"taxonomy":"post_tag","embeddable":true,"href":"https:\/\/www.hazarainternational.com\/it\/wp-json\/wp\/v2\/tags?post=1784"}],"curies":[{"name":"wp","href":"https:\/\/api.w.org\/{rel}","templated":true}]}}